{"id":1929,"date":"2026-03-10T15:57:20","date_gmt":"2026-03-10T14:57:20","guid":{"rendered":"https:\/\/ambniamey.esteri.it\/?p=1929"},"modified":"2026-03-11T15:15:38","modified_gmt":"2026-03-11T14:15:38","slug":"avis-bourses-detudes-et-contributions-de-luniversite-de-verone-pour-la-a-2026-2027","status":"publish","type":"post","link":"https:\/\/ambniamey.esteri.it\/fr\/news\/dall_ambasciata\/2026\/03\/avis-bourses-detudes-et-contributions-de-luniversite-de-verone-pour-la-a-2026-2027\/","title":{"rendered":"Avis \u2013 Bourses d\u2019\u00e9tudes et contributions de l\u2019Universit\u00e9 de V\u00e9rone pour l\u2019A.A. 2026\/2027"},"content":{"rendered":"<p style=\"text-align: justify;\">L\u2019Universit\u00e9 de V\u00e9rone informe de l\u2019ouverture des candidatures pour l\u2019attribution de 15 bourses d\u2019\u00e9tudes et 48 contributions \u00e9tudiantes \u00e0 tarif r\u00e9duit (<em>flat rate<\/em>) destin\u00e9es aux \u00e9tudiants internationaux pour l\u2019ann\u00e9e acad\u00e9mique 2026\/2027. L\u2019initiative s\u2019adresse \u00e0 des candidats de nationalit\u00e9 non italienne (sauf cas de double nationalit\u00e9) et titulaires d\u2019un dipl\u00f4me obtenu \u00e0 l\u2019\u00e9tranger, non r\u00e9sidents en Italie, qui souhaitent s\u2019inscrire \u00e0 l\u2019un des douze programmes de master internationaux propos\u00e9s par l\u2019Universit\u00e9. Les demandes de pr\u00e9-admission doivent \u00eatre pr\u00e9sent\u00e9es exclusivement en ligne avant 15h00 CEST le <strong>31 mars 2026<\/strong>. Toutes les informations d\u00e9taill\u00e9es, la liste des programmes et l\u2019appel officiel peuvent \u00eatre consult\u00e9s sur la page d\u00e9di\u00e9e de l\u2019Universit\u00e9 de V\u00e9rone (<a href=\"https:\/\/eur01.safelinks.protection.outlook.com\/?url=https%3A%2F%2Fwww.univr.it%2Fen%2Fjob-vacancies%2Fstudenti-e-laureati%2Finternational-degree-seeking-students%2F0%2F15723&amp;data=05%7C02%7Canna.dolce%40studenti.luiss.it%7C1faf5cb32bc04ca887b708de7b99bc4d%7Cba9085d722554a2cb1cbdcb1dab5a842%7C0%7C0%7C639084097392581664%7CUnknown%7CTWFpbGZsb3d8eyJFbXB0eU1hcGkiOnRydWUsIlYiOiIwLjAuMDAwMCIsIlAiOiJXaW4zMiIsIkFOIjoiTWFpbCIsIldUIjoyfQ%3D%3D%7C0%7C%7C%7C&amp;sdata=Nc6xTS4JBOO4qTCbosEU0%2BXHmxc6oH0aHLYVsHzHVSs%3D&amp;reserved=0\">Raccolta di richieste di pre-ammissione e di candidature<\/a>) ou sur le portail du Minist\u00e8re des Affaires \u00e9trang\u00e8res et de la Coop\u00e9ration internationale (<a href=\"https:\/\/eur01.safelinks.protection.outlook.com\/?url=https%3A%2F%2Fwww.esteri.it%2Fit%2Fservizi-opportunita%2Fopportunita%2Fborse-di-studio%2Fper-cittadini-stranieri%2Fborse-di-studio-offerte-dalle-universita%2F&amp;data=05%7C02%7Canna.dolce%40studenti.luiss.it%7C1faf5cb32bc04ca887b708de7b99bc4d%7Cba9085d722554a2cb1cbdcb1dab5a842%7C0%7C0%7C639084097392606538%7CUnknown%7CTWFpbGZsb3d8eyJFbXB0eU1hcGkiOnRydWUsIlYiOiIwLjAuMDAwMCIsIlAiOiJXaW4zMiIsIkFOIjoiTWFpbCIsIldUIjoyfQ%3D%3D%7C0%7C%7C%7C&amp;sdata=kUmlN9yiyv0zjCLuiBfg7tpjP6yNBKJqcbGCe6y5hjs%3D&amp;reserved=0\">Borse di Studio offerte dalle Universit? \u2013 Ministero degli Affari Esteri e della Cooperazione Internazionale<\/a>).<\/p>\n","protected":false},"excerpt":{"rendered":"L\u2019Universit\u00e9 de V\u00e9rone informe de l\u2019ouverture des candidatures pour l\u2019attribution de 15 bourses d\u2019\u00e9tudes et 48 contributions \u00e9tudiantes \u00e0 tarif r\u00e9duit (flat rate) destin\u00e9es aux \u00e9tudiants internationaux pour l\u2019ann\u00e9e acad\u00e9mique 2026\/2027. L\u2019initiative s\u2019adresse \u00e0 des candidats de nationalit\u00e9 non italienne (sauf cas de double nationalit\u00e9) et titulaires d\u2019un dipl\u00f4me obtenu \u00e0 l\u2019\u00e9tranger, non r\u00e9sidents en [&hellip;]","protected":false},"author":5,"featured_media":0,"comment_status":"closed","ping_status":"closed","sticky":false,"template":"","format":"standard","meta":{"footnotes":""},"tags":[],"class_list":["post-1929","post","type-post","status-publish","format-standard","hentry"],"_links":{"self":[{"href":"https:\/\/ambniamey.esteri.it\/fr\/wp-json\/wp\/v2\/posts\/1929","targetHints":{"allow":["GET"]}}],"collection":[{"href":"https:\/\/ambniamey.esteri.it\/fr\/wp-json\/wp\/v2\/posts"}],"about":[{"href":"https:\/\/ambniamey.esteri.it\/fr\/wp-json\/wp\/v2\/types\/post"}],"author":[{"embeddable":true,"href":"https:\/\/ambniamey.esteri.it\/fr\/wp-json\/wp\/v2\/users\/5"}],"replies":[{"embeddable":true,"href":"https:\/\/ambniamey.esteri.it\/fr\/wp-json\/wp\/v2\/comments?post=1929"}],"version-history":[{"count":2,"href":"https:\/\/ambniamey.esteri.it\/fr\/wp-json\/wp\/v2\/posts\/1929\/revisions"}],"predecessor-version":[{"id":1972,"href":"https:\/\/ambniamey.esteri.it\/fr\/wp-json\/wp\/v2\/posts\/1929\/revisions\/1972"}],"wp:attachment":[{"href":"https:\/\/ambniamey.esteri.it\/fr\/wp-json\/wp\/v2\/media?parent=1929"}],"wp:term":[{"taxonomy":"post_tag","embeddable":true,"href":"https:\/\/ambniamey.esteri.it\/fr\/wp-json\/wp\/v2\/tags?post=1929"}],"curies":[{"name":"wp","href":"https:\/\/api.w.org\/{rel}","templated":true}]}}