{"id":1934,"date":"2026-03-11T15:15:11","date_gmt":"2026-03-11T14:15:11","guid":{"rendered":"https:\/\/ambniamey.esteri.it\/?p=1934"},"modified":"2026-03-11T15:15:11","modified_gmt":"2026-03-11T14:15:11","slug":"avis-bourses-detudes-star-et-lmint-de-luniversite-de-brescia-pour-la-a-2026-2027-prolongation-des-delais","status":"publish","type":"post","link":"https:\/\/ambniamey.esteri.it\/fr\/news\/dall_ambasciata\/2026\/03\/avis-bourses-detudes-star-et-lmint-de-luniversite-de-brescia-pour-la-a-2026-2027-prolongation-des-delais\/","title":{"rendered":"Avis \u2013 Bourses d\u2019\u00e9tudes STAR et LMINT de l\u2019Universit\u00e9 de Brescia pour l\u2019A.A. 2026\/2027 : prolongation des d\u00e9lais"},"content":{"rendered":"<p style=\"text-align: justify;\">L\u2019Universit\u00e9 des \u00c9tudes de Brescia informe que le d\u00e9lai pour la pr\u00e9sentation des candidatures relatives aux deux bourses d\u2019\u00e9tudes STAR, destin\u00e9es aux candidats qui souhaitent s\u2019inscrire \u00e0 un programme de licence, a \u00e9t\u00e9 prolong\u00e9 jusqu\u2019au <strong>30 mars 2026<\/strong>. Cet appel pr\u00e9voit un parcours de quatre ans comprenant une premi\u00e8re ann\u00e9e de <em>Foundation Year<\/em>. En revanche, la cl\u00f4ture de l\u2019appel STAR et LMINT pour les programmes de master reste fix\u00e9e au <strong>15 mars 2026<\/strong>. Les bourses STAR sont r\u00e9serv\u00e9es aux \u00e9tudiants provenant de pays en voie de d\u00e9veloppement ou de Cuba, \u00c9gypte, El Salvador, Jordanie, Irak, Kenya, Liban, Tunisie et Territoires palestiniens. Les avantages pr\u00e9voient une contribution \u00e9conomique annuelle, le logement gratuit sur le campus, des r\u00e9ductions sur les frais universitaires et un remboursement pour la couverture sanitaire. Les candidatures doivent \u00eatre envoy\u00e9es exclusivement en ligne via la plateforme PICA, conform\u00e9ment aux exigences indiqu\u00e9es dans les appels et dans le mat\u00e9riel informatif annex\u00e9.<\/p>\n","protected":false},"excerpt":{"rendered":"L\u2019Universit\u00e9 des \u00c9tudes de Brescia informe que le d\u00e9lai pour la pr\u00e9sentation des candidatures relatives aux deux bourses d\u2019\u00e9tudes STAR, destin\u00e9es aux candidats qui souhaitent s\u2019inscrire \u00e0 un programme de licence, a \u00e9t\u00e9 prolong\u00e9 jusqu\u2019au 30 mars 2026. Cet appel pr\u00e9voit un parcours de quatre ans comprenant une premi\u00e8re ann\u00e9e de Foundation Year. En revanche, [&hellip;]","protected":false},"author":5,"featured_media":0,"comment_status":"closed","ping_status":"closed","sticky":false,"template":"","format":"standard","meta":{"footnotes":""},"tags":[],"class_list":["post-1934","post","type-post","status-publish","format-standard","hentry"],"_links":{"self":[{"href":"https:\/\/ambniamey.esteri.it\/fr\/wp-json\/wp\/v2\/posts\/1934","targetHints":{"allow":["GET"]}}],"collection":[{"href":"https:\/\/ambniamey.esteri.it\/fr\/wp-json\/wp\/v2\/posts"}],"about":[{"href":"https:\/\/ambniamey.esteri.it\/fr\/wp-json\/wp\/v2\/types\/post"}],"author":[{"embeddable":true,"href":"https:\/\/ambniamey.esteri.it\/fr\/wp-json\/wp\/v2\/users\/5"}],"replies":[{"embeddable":true,"href":"https:\/\/ambniamey.esteri.it\/fr\/wp-json\/wp\/v2\/comments?post=1934"}],"version-history":[{"count":3,"href":"https:\/\/ambniamey.esteri.it\/fr\/wp-json\/wp\/v2\/posts\/1934\/revisions"}],"predecessor-version":[{"id":1963,"href":"https:\/\/ambniamey.esteri.it\/fr\/wp-json\/wp\/v2\/posts\/1934\/revisions\/1963"}],"wp:attachment":[{"href":"https:\/\/ambniamey.esteri.it\/fr\/wp-json\/wp\/v2\/media?parent=1934"}],"wp:term":[{"taxonomy":"post_tag","embeddable":true,"href":"https:\/\/ambniamey.esteri.it\/fr\/wp-json\/wp\/v2\/tags?post=1934"}],"curies":[{"name":"wp","href":"https:\/\/api.w.org\/{rel}","templated":true}]}}