{"id":1978,"date":"2026-03-16T09:28:43","date_gmt":"2026-03-16T08:28:43","guid":{"rendered":"https:\/\/ambniamey.esteri.it\/?p=1978"},"modified":"2026-03-16T09:28:30","modified_gmt":"2026-03-16T08:28:30","slug":"bourses-detudes-ordinaires-et-italophonie-a-u-2026-2027-lancement-de-lappel-avec-des-ressources-renforcees-pour-le-niger","status":"publish","type":"post","link":"https:\/\/ambniamey.esteri.it\/fr\/news\/dall_ambasciata\/2026\/03\/bourses-detudes-ordinaires-et-italophonie-a-u-2026-2027-lancement-de-lappel-avec-des-ressources-renforcees-pour-le-niger\/","title":{"rendered":"Bourses d\u2019\u00e9tudes ordinaires et Italophonie A.U. 2026-2027 : lancement de l&rsquo;appel avec des ressources renforc\u00e9es pour le Niger"},"content":{"rendered":"<p style=\"text-align: justify;\">L\u2019Ambassade d\u2019Italie \u00e0 Niamey annonce l&rsquo;ouverture de l\u2019appel \u00e0 candidatures pour le programme de bourses du Minist\u00e8re des Affaires \u00c9trang\u00e8res et de la Coop\u00e9ration Internationale (MAECI) pour l\u2019ann\u00e9e acad\u00e9mique 2026-2027, destin\u00e9 aux <strong>\u00e9tudiants \u00e9trangers et aux citoyens italiens r\u00e9sidant \u00e0 l&rsquo;\u00e9tranger (IRE)<\/strong>. L&rsquo;\u00e9l\u00e9ment central de cette \u00e9dition est la relance d\u00e9cisive de la coop\u00e9ration acad\u00e9mique avec le Niger, qui b\u00e9n\u00e9ficie d&rsquo;une <strong>augmentation significative de 35 % des mensualit\u00e9s disponibles<\/strong> par rapport aux ann\u00e9es pr\u00e9c\u00e9dentes, \u00e9largissant ainsi consid\u00e9rablement les opportunit\u00e9s pour les jeunes talents locaux. L&rsquo;ajustement de l&rsquo;allocation financi\u00e8re est \u00e9galement significatif, le montant mensuel \u00e9tant port\u00e9 \u00e0 1 200 euros afin de garantir une meilleure viabilit\u00e9 des \u00e9tudes en Italie. Outre les bourses ordinaires, une importance particuli\u00e8re est accord\u00e9e aux bourses \u00ab\u00a0Italophonie\u00a0\u00bb de 3 mois pour des cours intensifs de langue, ainsi qu&rsquo;aux mesures d\u00e9di\u00e9es \u00e0 la valorisation des langues africaines et au projet WikiAfrica, une initiative internationale visant \u00e0 accro\u00eetre la pr\u00e9sence des contenus et des savoirs africains sur les plateformes num\u00e9riques mondiales. Les candidats doivent postuler via le portail <em>Study in Italy<\/em> au plus tard le <strong>26 mars 2026<\/strong>. Suite \u00e0 la cl\u00f4ture de l\u2019appel, les proc\u00e9dures de s\u00e9lection se termineront le 22 mai, et la consolidation des classements est pr\u00e9vue pour le <strong>17 juillet 2026<\/strong>.<\/p>\n","protected":false},"excerpt":{"rendered":"L\u2019Ambassade d\u2019Italie \u00e0 Niamey annonce l&rsquo;ouverture de l\u2019appel \u00e0 candidatures pour le programme de bourses du Minist\u00e8re des Affaires \u00c9trang\u00e8res et de la Coop\u00e9ration Internationale (MAECI) pour l\u2019ann\u00e9e acad\u00e9mique 2026-2027, destin\u00e9 aux \u00e9tudiants \u00e9trangers et aux citoyens italiens r\u00e9sidant \u00e0 l&rsquo;\u00e9tranger (IRE). L&rsquo;\u00e9l\u00e9ment central de cette \u00e9dition est la relance d\u00e9cisive de la coop\u00e9ration acad\u00e9mique [&hellip;]","protected":false},"author":5,"featured_media":0,"comment_status":"closed","ping_status":"closed","sticky":false,"template":"","format":"standard","meta":{"footnotes":""},"tags":[],"class_list":["post-1978","post","type-post","status-publish","format-standard","hentry"],"_links":{"self":[{"href":"https:\/\/ambniamey.esteri.it\/fr\/wp-json\/wp\/v2\/posts\/1978","targetHints":{"allow":["GET"]}}],"collection":[{"href":"https:\/\/ambniamey.esteri.it\/fr\/wp-json\/wp\/v2\/posts"}],"about":[{"href":"https:\/\/ambniamey.esteri.it\/fr\/wp-json\/wp\/v2\/types\/post"}],"author":[{"embeddable":true,"href":"https:\/\/ambniamey.esteri.it\/fr\/wp-json\/wp\/v2\/users\/5"}],"replies":[{"embeddable":true,"href":"https:\/\/ambniamey.esteri.it\/fr\/wp-json\/wp\/v2\/comments?post=1978"}],"version-history":[{"count":1,"href":"https:\/\/ambniamey.esteri.it\/fr\/wp-json\/wp\/v2\/posts\/1978\/revisions"}],"predecessor-version":[{"id":1980,"href":"https:\/\/ambniamey.esteri.it\/fr\/wp-json\/wp\/v2\/posts\/1978\/revisions\/1980"}],"wp:attachment":[{"href":"https:\/\/ambniamey.esteri.it\/fr\/wp-json\/wp\/v2\/media?parent=1978"}],"wp:term":[{"taxonomy":"post_tag","embeddable":true,"href":"https:\/\/ambniamey.esteri.it\/fr\/wp-json\/wp\/v2\/tags?post=1978"}],"curies":[{"name":"wp","href":"https:\/\/api.w.org\/{rel}","templated":true}]}}