{"id":2006,"date":"2026-04-24T09:47:08","date_gmt":"2026-04-24T08:47:08","guid":{"rendered":"https:\/\/ambniamey.esteri.it\/?p=2006"},"modified":"2026-04-24T09:49:26","modified_gmt":"2026-04-24T08:49:26","slug":"avis-contributions-pour-des-visites-de-chercheurs-enseignants-et-experts-annee-2026","status":"publish","type":"post","link":"https:\/\/ambniamey.esteri.it\/fr\/news\/dall_ambasciata\/2026\/04\/avis-contributions-pour-des-visites-de-chercheurs-enseignants-et-experts-annee-2026\/","title":{"rendered":"Avis \u2013 Contributions pour des visites de chercheurs, enseignants et experts (Ann\u00e9e 2026)"},"content":{"rendered":"<p style=\"text-align: justify;\">L\u2019Ambassade d\u2019Italie \u00e0 Niamey informe que le Minist\u00e8re des Affaires \u00e9trang\u00e8res et de la Coop\u00e9ration internationale (MAECI) a publi\u00e9 un appel \u00e0 candidatures pour l\u2019octroi de contributions destin\u00e9es \u00e0 soutenir des visites de chercheurs, enseignants, experts et op\u00e9rateurs culturels.<\/p>\n<p style=\"text-align: justify;\">Ces contributions sont destin\u00e9es \u00e0 :<br \/>\na) des citoyens italiens et \u00e9trangers r\u00e9sidant en Italie depuis au moins deux ans, invit\u00e9s aupr\u00e8s d\u2019institutions universitaires ou culturelles \u00e9trang\u00e8res pour des activit\u00e9s d\u2019\u00e9tude ou de recherche ;<br \/>\nb) des citoyens \u00e9trangers et italiens r\u00e9sidant \u00e0 l\u2019\u00e9tranger, invit\u00e9s aupr\u00e8s d\u2019institutions universitaires ou culturelles italiennes pour les m\u00eames finalit\u00e9s.<\/p>\n<p style=\"text-align: justify;\">Le financement couvre partiellement les frais de voyage et de s\u00e9jour pour une dur\u00e9e maximale de 10 jours, jusqu\u2019\u00e0 1 500 ou 3 000 euros selon la destination.<\/p>\n<p style=\"text-align: justify;\">Les candidatures doivent \u00eatre soumises avant le <strong>31 juillet 2026<\/strong>.<\/p>\n<p style=\"text-align: justify;\">Les int\u00e9ress\u00e9s sont invit\u00e9s \u00e0 consulter les pi\u00e8ces jointes pour les modalit\u00e9s de participation et la documentation requise.<\/p>\n","protected":false},"excerpt":{"rendered":"L\u2019Ambassade d\u2019Italie \u00e0 Niamey informe que le Minist\u00e8re des Affaires \u00e9trang\u00e8res et de la Coop\u00e9ration internationale (MAECI) a publi\u00e9 un appel \u00e0 candidatures pour l\u2019octroi de contributions destin\u00e9es \u00e0 soutenir des visites de chercheurs, enseignants, experts et op\u00e9rateurs culturels. Ces contributions sont destin\u00e9es \u00e0 : a) des citoyens italiens et \u00e9trangers r\u00e9sidant en Italie depuis [&hellip;]","protected":false},"author":5,"featured_media":0,"comment_status":"closed","ping_status":"closed","sticky":false,"template":"","format":"standard","meta":{"footnotes":""},"tags":[],"class_list":["post-2006","post","type-post","status-publish","format-standard","hentry"],"_links":{"self":[{"href":"https:\/\/ambniamey.esteri.it\/fr\/wp-json\/wp\/v2\/posts\/2006","targetHints":{"allow":["GET"]}}],"collection":[{"href":"https:\/\/ambniamey.esteri.it\/fr\/wp-json\/wp\/v2\/posts"}],"about":[{"href":"https:\/\/ambniamey.esteri.it\/fr\/wp-json\/wp\/v2\/types\/post"}],"author":[{"embeddable":true,"href":"https:\/\/ambniamey.esteri.it\/fr\/wp-json\/wp\/v2\/users\/5"}],"replies":[{"embeddable":true,"href":"https:\/\/ambniamey.esteri.it\/fr\/wp-json\/wp\/v2\/comments?post=2006"}],"version-history":[{"count":1,"href":"https:\/\/ambniamey.esteri.it\/fr\/wp-json\/wp\/v2\/posts\/2006\/revisions"}],"predecessor-version":[{"id":2007,"href":"https:\/\/ambniamey.esteri.it\/fr\/wp-json\/wp\/v2\/posts\/2006\/revisions\/2007"}],"wp:attachment":[{"href":"https:\/\/ambniamey.esteri.it\/fr\/wp-json\/wp\/v2\/media?parent=2006"}],"wp:term":[{"taxonomy":"post_tag","embeddable":true,"href":"https:\/\/ambniamey.esteri.it\/fr\/wp-json\/wp\/v2\/tags?post=2006"}],"curies":[{"name":"wp","href":"https:\/\/api.w.org\/{rel}","templated":true}]}}